{"id":47732,"date":"2019-10-24T13:07:27","date_gmt":"2019-10-24T13:07:27","guid":{"rendered":"https:\/\/wecasa.fr\/mag\/homme-de-menage-chelles-mohammed\/"},"modified":"2022-04-25T08:51:25","modified_gmt":"2022-04-25T08:51:25","slug":"homme-de-menage-chelles-mohammed","status":"publish","type":"post","link":"https:\/\/www.wecasa.fr\/mag\/homme-de-menage-chelles-mohammed\/","title":{"rendered":"Mohammed, aide-m\u00e9nag\u00e8re Wecasa \u00e0 Chelles (77)"},"content":{"rendered":"<span class=\"span-reading-time rt-reading-time\" style=\"display: block;\"><span class=\"rt-label rt-prefix\">Temps de lecture : <\/span> <span class=\"rt-time\"> 3<\/span> <span class=\"rt-label rt-postfix\">minutes<\/span><\/span><p><em>Wecasa a l&rsquo;honneur de vous pr\u00e9senter Mohammed, <strong>aide-m\u00e9nag\u00e8re Wecasa \u00e0 Chelles en Seine et Marne<\/strong> (77), qui n&rsquo;a pas peur des clich\u00e9s et s&rsquo;\u00e9panouit totalement dans son m\u00e9tier.<\/em><\/p>\n<h2><img fetchpriority=\"high\" decoding=\"async\" class=\"aligncenter size-large wp-image-2133\" src=\"https:\/\/wecasa.fr\/mag\/wp-content\/uploads\/2025\/10\/Mohammed-homme-de-menage-Wecasa-1024x683-1.jpg\" alt=\"Portrait homme de m\u00e9nage Wecasa\" width=\"1024\" height=\"683\" \/><\/h2>\n<h2>Bonjour Mohammed, quel est votre parcours ?<\/h2>\n<p>Je suis dans le secteur du<strong> nettoyage<\/strong> depuis pr\u00e8s de 10 ans. J&rsquo;ai commenc\u00e9 en travaillant essentiellement pour des professionnels. J&rsquo;ai une exp\u00e9rience plus courte chez les particuliers, mais j&rsquo;adore mon m\u00e9tier. <strong>J&rsquo;aime nettoyer<\/strong> !<\/p>\n<h2>En tant qu&rsquo;aide-m\u00e9nag\u00e8re homme, \u00eates-vous confront\u00e9 \u00e0 des clich\u00e9s ?<\/h2>\n<p>Pas forc\u00e9ment ! Il est vrai que je me retrouve parfois face \u00e0 des clients surpris d&rsquo;avoir un <a href=\"https:\/\/www.wecasa.fr\/femme-menage-domicile\/articles\/femme-menage-pour-contre\/\" target=\"_blank\" rel=\"noopener noreferrer\">homme de m\u00e9nage<\/a> et pas une <strong>femme de m\u00e9nage<\/strong>. Certains font la remarque, d&rsquo;autres ont un regard plus insistant mais ne disent rien. Souvent, les gens ont peur que le m\u00e9nage soit mal fait mais finalement ils sont tr\u00e8s contents et satisfaits.<\/p>\n<h2>Quelles sont les diff\u00e9rences entre un homme et une femme concernant une prestation\u00a0 de m\u00e9nage ?<\/h2>\n<p>En g\u00e9n\u00e9ral, on est plus grand pour <strong>d\u00e9poussi\u00e9rer<\/strong>, atteindre des endroits en hauteur, etc. La seule chose qui ne change pas, c&rsquo;est la <strong>qualit\u00e9 du travail fourni<\/strong>. Homme ou femme, si on fait du bon boulot, le r\u00e9sultat est l\u00e0\u2026 Et les gens sont contents.<\/p>\n<p><img decoding=\"async\" class=\"aligncenter size-large wp-image-2134\" src=\"https:\/\/wecasa.fr\/mag\/wp-content\/uploads\/2025\/10\/Nettoyage-cuisine-homme-de-menage-1024x683-1.jpg\" alt=\"m\u00e9nage cuisine par un homme de menage\" width=\"1024\" height=\"683\" \/><\/p>\n<h2>Pourquoi opter pour l&rsquo;entrepreneuriat ?<\/h2>\n<p>En toute honn\u00eatet\u00e9, j&rsquo;\u00e9tais cadre dans une entreprise internationale, dans le secteur du <strong>nettoyage<\/strong> du mat\u00e9riel roulant (trains, bus, tramway, etc.). Je g\u00e9rais une \u00e9quipe, etc. C&rsquo;\u00e9tait un choix dans changer pour gagner en qualit\u00e9 de vie, je peux profiter de ma vie de famille. \u00c7a fait toute la diff\u00e9rence !<br \/>\nMon r\u00eave est de monter une entreprise de <strong>nettoyage<\/strong>, avec une vraie \u00e9quipe, des salari\u00e9s, etc. Pour le moment, je manque de moyens pour g\u00e9rer une soci\u00e9t\u00e9. En attendant, c&rsquo;\u00e9tait une bonne solution d&rsquo;opter pour l&rsquo;entrepreneuriat en me mettant \u00e0 mon compte. J&rsquo;avais envie de gagner en qualit\u00e9 de vie, de rendre le quotidien plus agr\u00e9able, de g\u00e9rer mon planning comme je veux et surtout d&rsquo;avoir du temps pour ma famille.<\/p>\n<h2>Pourquoi avez-vous choisi de faire confiance \u00e0 Wecasa ? Quelle est votre relation ?<\/h2>\n<p>Je suis quelqu&rsquo;un qui se renseigne beaucoup avant de s&rsquo;engager. J&rsquo;ai donc choisi de vous faire confiance apr\u00e8s avoir glan\u00e9 beaucoup d&rsquo;informations. J&rsquo;ai \u00e9t\u00e9 conquis par le concept. Notre collaboration est r\u00e9cente mais je suis plut\u00f4t content ! J&rsquo;ai des nouveaux clients, et surtout ils sont satisfaits par mes prestations.<\/p>\n<h2>Quelles sont vos astuces pour un m\u00e9nage r\u00e9ussi ?<\/h2>\n<p>Il y en a plusieurs ! La premi\u00e8re qui est indispensable est de conna\u00eetre les besoins pr\u00e9cis des clients. L&rsquo;exp\u00e9rience et les connaissances me permettent de savoir quel est le <strong>mat\u00e9riel<\/strong> ad\u00e9quat et les <strong>produits<\/strong> adapt\u00e9s selon les besoins et les situations. Je connais aussi par c\u0153ur les <strong>m\u00e9thodes de nettoyage<\/strong>. Les connaissances en mati\u00e8re de <strong>m\u00e9nage et de produits m\u00e9nagers<\/strong> ! J&rsquo;ai travaill\u00e9 avec beaucoup de grosses entreprises donc j&rsquo;ai acquis beaucoup d&rsquo;exp\u00e9riences et de comp\u00e9tences. Au-del\u00e0 de la qualit\u00e9 de la prestation, il est indispensable de d\u00e9velopper son r\u00e9seau, de faire de la publicit\u00e9, de jouer sur le bouche-\u00e0-oreille.\u00c0 la fin du service, je fais toujours le tour avec le client pour \u00eatre s\u00fbr que tout lui convienne. Dans tous les cas, il faut un r\u00e9sultat nickel pour satisfaire le client.<\/p>\n<p><img decoding=\"async\" class=\"aligncenter size-large wp-image-2137\" src=\"https:\/\/wecasa.fr\/mag\/wp-content\/uploads\/2025\/10\/Produits-menagers-1024x683-1.jpg\" alt=\"n\u00e9cessaire produits m\u00e9nage\" width=\"1024\" height=\"683\" \/><\/p>\n<h2>Pourquoi dire aide-m\u00e9nag\u00e8re plut\u00f4t que homme ou femme de m\u00e9nage ?<\/h2>\n<p>Franchement, cela m&rsquo;est \u00e9gal ! Quand je me pr\u00e9sente, je dis que j&rsquo;ai une entreprise de nettoyage. Je ne m&rsquo;encombre pas avec les termes. Dans tous les cas, aide-m\u00e9nag\u00e8re est plus valorisant sur le plan professionnel qu&rsquo;homme de m\u00e9nage. En plus, une aide-m\u00e9nag\u00e8re n&rsquo;intervient pas forc\u00e9ment uniquement sur le m\u00e9nage. Cela peut inclure des <strong>t\u00e2ches m\u00e9nag\u00e8res<\/strong>, du <strong>repassage<\/strong>. C&rsquo;est plus complet !<\/p>\n<p><img loading=\"lazy\" decoding=\"async\" class=\"aligncenter size-large wp-image-2135\" src=\"https:\/\/wecasa.fr\/mag\/wp-content\/uploads\/2025\/10\/Depoussierage-menage-1024x683-1.jpg\" alt=\"nettoyage poussi\u00e8re miroir\" width=\"1024\" height=\"683\" \/><\/p>\n<p>&nbsp;<\/p>\n<div class=\"reserverShortcode\"><a href=\"https:\/\/www.wecasa.fr\/femme-menage-domicile\" title=\"R\u00e9server mon m\u00e9nage\">R\u00e9server mon m\u00e9nage<\/a><\/div>\n<p>&nbsp;<\/p>\n<p><em><strong>Vous \u00eates professionnel ?\u00a0<a href=\"https:\/\/www.wecasa.fr\/pro\/inscription-aide-menagere\/\" target=\"_blank\" rel=\"noopener noreferrer\">Rejoignez vous aussi le r\u00e9seau des aides-m\u00e9nag\u00e8resWecasa<\/a><\/strong><\/em><\/p>\n","protected":false},"excerpt":{"rendered":"<p><span class=\"span-reading-time rt-reading-time\" style=\"display: block;\"><span class=\"rt-label rt-prefix\">Temps de lecture : <\/span> <span class=\"rt-time\"> 3<\/span> <span class=\"rt-label rt-postfix\">minutes<\/span><\/span>Wecasa a l&rsquo;honneur de vous pr\u00e9senter Mohammed, aide-m\u00e9nag\u00e8re Wecasa \u00e0 Chelles en Seine et Marne (77), qui n&rsquo;a pas peur des clich\u00e9s et s&rsquo;\u00e9panouit totalement dans son m\u00e9tier. Bonjour Mohammed, quel est votre parcours ? Je suis dans le secteur du nettoyage depuis pr\u00e8s de 10 ans. J&rsquo;ai commenc\u00e9 en travaillant essentiellement pour des professionnels. [&hellip;]<\/p>\n","protected":false},"author":22,"featured_media":47738,"comment_status":"open","ping_status":"closed","sticky":false,"template":"","format":"standard","meta":{"_acf_changed":false,"footnotes":""},"categories":[798],"tags":[],"class_list":["post-47732","post","type-post","status-publish","format-standard","has-post-thumbnail","hentry","category-les-coulisses-de-wecasa"],"acf":[],"_links":{"self":[{"href":"https:\/\/www.wecasa.fr\/mag\/wp-json\/wp\/v2\/posts\/47732","targetHints":{"allow":["GET"]}}],"collection":[{"href":"https:\/\/www.wecasa.fr\/mag\/wp-json\/wp\/v2\/posts"}],"about":[{"href":"https:\/\/www.wecasa.fr\/mag\/wp-json\/wp\/v2\/types\/post"}],"author":[{"embeddable":true,"href":"https:\/\/www.wecasa.fr\/mag\/wp-json\/wp\/v2\/users\/22"}],"replies":[{"embeddable":true,"href":"https:\/\/www.wecasa.fr\/mag\/wp-json\/wp\/v2\/comments?post=47732"}],"version-history":[{"count":0,"href":"https:\/\/www.wecasa.fr\/mag\/wp-json\/wp\/v2\/posts\/47732\/revisions"}],"wp:featuredmedia":[{"embeddable":true,"href":"https:\/\/www.wecasa.fr\/mag\/wp-json\/wp\/v2\/media\/47738"}],"wp:attachment":[{"href":"https:\/\/www.wecasa.fr\/mag\/wp-json\/wp\/v2\/media?parent=47732"}],"wp:term":[{"taxonomy":"category","embeddable":true,"href":"https:\/\/www.wecasa.fr\/mag\/wp-json\/wp\/v2\/categories?post=47732"},{"taxonomy":"post_tag","embeddable":true,"href":"https:\/\/www.wecasa.fr\/mag\/wp-json\/wp\/v2\/tags?post=47732"}],"curies":[{"name":"wp","href":"https:\/\/api.w.org\/{rel}","templated":true}]}}