{"id":50457,"date":"2022-10-19T09:34:34","date_gmt":"2022-10-19T09:34:34","guid":{"rendered":"https:\/\/wecasa.fr\/mag\/plateforme-responsable\/"},"modified":"2024-05-13T15:33:47","modified_gmt":"2024-05-13T15:33:47","slug":"plateforme-responsable","status":"publish","type":"post","link":"https:\/\/www.wecasa.fr\/mag\/plateforme-responsable\/","title":{"rendered":"Nous sommes une plateforme responsable."},"content":{"rendered":"<span class=\"span-reading-time rt-reading-time\" style=\"display: block;\"><span class=\"rt-label rt-prefix\">Temps de lecture : <\/span> <span class=\"rt-time\"> 3<\/span> <span class=\"rt-label rt-postfix\">minutes<\/span><\/span><p data-type=\"header-three\" data-id=\"2a6d1590-365c-4706-9324-a906eab69c68\">Nous sommes Wecasa. Nous sommes une plateforme de mise en relation, c&rsquo;est-\u00e0-dire que nous faisons le lien entre des clients et des professionnels partenaires. Seulement, voil\u00e0 : on essaie de le faire intelligemment, et avec un suppl\u00e9ment d&rsquo;\u00e2me. C&rsquo;est \u00e7a pour nous, \u00eatre une plateforme responsable. D\u00e9monstration.<\/p>\n<h2 data-type=\"header-three\" data-id=\"2a6d1590-365c-4706-9324-a906eab69c68\">Nous d\u00e9veloppons les services de proximit\u00e9.<\/h2>\n<p data-type=\"unstyled\" data-id=\"9d5716cb-e0e2-40a1-8090-a1e0007e5a7a\">On a un r\u00eave : rendre les services \u00e0 domicile accessibles \u00e0 tous.<br \/>\nQu&rsquo;on habite une ville qui ne dort jamais, ou un village croquignolet.<br \/>\nQu&rsquo;on veuille faire briller ses ongles, ses cheveux ou son parquet.<br \/>\nLe <b data-type=\"bold\">talent des pros \u00e0 domicile<\/b> est l\u00e0, partout, pr\u00eat \u00e0 \u00eatre r\u00e9v\u00e9l\u00e9.<\/p>\n<p><iframe title=\"Wecasa, c&#039;est quoi ?\" width=\"800\" height=\"450\" src=\"https:\/\/www.youtube.com\/embed\/LTwyDJRmyJY?feature=oembed\" frameborder=\"0\" allow=\"accelerometer; autoplay; clipboard-write; encrypted-media; gyroscope; picture-in-picture; web-share\" referrerpolicy=\"strict-origin-when-cross-origin\" allowfullscreen><\/iframe><\/p>\n<h2 data-type=\"header-three\" data-id=\"01862217-3d7d-4336-9ce3-ab1c2ad924b6\">Nous r\u00e9mun\u00e9rons justement les professionnels.<\/h2>\n<p data-type=\"unstyled\" data-id=\"026e85b7-ec0e-4a7e-83b6-81b6d293457a\">Sur chaque commande, en moyenne, <strong>75% du <\/strong><b data-type=\"bold\"><a href=\"https:\/\/help.wecasa.fr\/fr\/articles\/3583179-quels-sont-vos-tarifs\" target=\"_blank\" rel=\"noopener\">prix client<\/a> est pour le professionnel<\/b>. Et la marge, alors ? On vous rassure : pas de ch\u00e2teau en Espagne ni de montres bling-bling. La marge sert \u00e0 financer la TVA, les frais logistiques, les salaires de l&rsquo;\u00e9quipe, et l&rsquo;investissement en marketing pour continuer de nous faire conna\u00eetre.<\/p>\n<h2 data-type=\"header-three\" data-id=\"7e9e5e96-5e36-4f07-9ca2-fcb427b20b62\">Nous travaillons en France, nous payons nos charges en France.<\/h2>\n<p data-type=\"unstyled\" data-id=\"cea8bfee-80dc-4887-844f-86e66f9a5c32\">Nous sommes une entreprise fran\u00e7aise, et fi\u00e8re de l&rsquo;\u00eatre. Le made in France by Wecasa, c&rsquo;est le savoir-faire des pros du domicile qui pratiquent leur m\u00e9tier pr\u00e8s de chez eux. Parce qu&rsquo;on n&rsquo;a pas encore invent\u00e9 la d\u00e9localisation des services \u00e0 domicile, et c&rsquo;est tant mieux : <b data-type=\"bold\">le service humain, \u00e7a se vit sur place. <\/b><\/p>\n<h2 data-type=\"header-three\" data-id=\"7ceedced-af95-439b-9bd0-df2b4efc2b96\">Nous respectons la libert\u00e9 des professionnels.<\/h2>\n<p data-type=\"unstyled\" data-id=\"e9e04b3d-ed03-442a-abee-15bf6b32911c\">En travaillant avec Wecasa, <b data-type=\"bold\">les pros partenaires restent libres<\/b>. De dire oui ou non \u00e0 chaque proposition de mission. De choisir leurs horaires de travail, leur zone d&rsquo;intervention. De d\u00e9velopper leur client\u00e8le, hors Wecasa. De travailler avec d&rsquo;autres plateformes. De nous dire bye-bye, sans se justifier. On n&rsquo;est pas mari\u00e9s, pas engag\u00e9s, on est dans une relation libre et consentie. Oui, les relations saines, \u00e7a fonctionne aussi dans un cadre professionnel.<\/p>\n<h2 data-type=\"header-three\" data-id=\"eea77042-17d1-4b99-86ac-f6d42aa31ce1\">Notre algorithme r\u00e9compense le talent sans discrimination.<\/h2>\n<p data-type=\"unstyled\" data-id=\"088b35c4-3fdb-42b2-8a7e-3fe324b175fd\">On a con\u00e7u un algorithme charg\u00e9 d&rsquo;\u00e9tablir le meilleur matching (la bonne association) entre un.e client.e et un.e pro. Pour \u00e7a, on prend en compte <b data-type=\"bold\">la distance, et le talent <\/b>pour <a href=\"https:\/\/help.wecasa.fr\/fr\/articles\/4193871-puis-je-choisir-mon-professionnel-sur-wecasa\" target=\"_blank\" rel=\"noopener\">favoriser les meilleurs pros<\/a>. La question du genre ou des origines n&rsquo;entrent pas en compte. C&rsquo;est peut-\u00eatre un d\u00e9tail pour vous, mais pour nous (et eux) \u00e7a veut dire beaucoup. Un exemple ? Chez nous, le m\u00e9nage n&rsquo;a pas de genre. M\u00eame si 90% des gens parlent toujours de femmes de m\u00e9nage, et que de nombreux clients exigent d&rsquo;avoir une femme, on tient bon et on permet -aussi- aux hommes d&rsquo;exercer en tant qu&rsquo;aide-m\u00e9nag\u00e8re. R\u00e9sultat : un quart des pros du m\u00e9nage sont des hommes.<\/p>\n<h2 data-type=\"header-three\" data-id=\"6a0c518d-38ca-4476-9c2a-3b2c87953614\">Nous communiquons en toute transparence avec nos partenaires.<\/h2>\n<p data-type=\"unstyled\" data-id=\"c2453654-4d7a-4d85-869c-cfa2d6ee63be\">Nous informons tous les professionnels partenaires du <b data-type=\"bold\">fonctionnement de notre algorithme<\/b>, de leur position, et des points d&rsquo;am\u00e9lioration \u00e9ventuels. On ne pointe personne du doigt, mais cette transparence est loin d&rsquo;\u00eatre une \u00e9vidence pour de nombreuses plateformes.<\/p>\n<h2 data-type=\"header-three\" data-id=\"7b5ff87e-0732-4c95-a1a4-af1abc412612\">Nous avons ouvert notre capital \u00e0 notre communaut\u00e9 de pros et de clients.<\/h2>\n<p data-type=\"unstyled\" data-id=\"dd98bd93-b530-4ba9-94b4-25bf1f7856a5\">En septembre 2022, nous avons men\u00e9 une campagne de lev\u00e9e de fonds<strong> sur LITA.co<\/strong>, sp\u00e9cialis\u00e9e dans les lev\u00e9es de fonds \u00e0 impact. Objectif : permettre aux pros partenaires et \u00e0 nos clients d&rsquo;investir dans Wecasa. Parce qu&rsquo;on n&rsquo;aime pas trop se la jouer lonely cow-boy, et qu&rsquo;on a toujours pr\u00e9f\u00e9r\u00e9 l&rsquo;aventure \u00e0 plusieurs (5 cofondateurs, \u00e7a annonce la couleur). R\u00e9sultat : une lev\u00e9e de 180 000\u20ac et plein de nouveaux Casapartners (investisseurs).<\/p>\n<h2 data-type=\"header-three\" data-id=\"bc700f5a-85d3-4274-ba68-6e83a603cc5f\">Nous soutenons nos collaborateurs.<\/h2>\n<p data-type=\"unstyled\" data-id=\"e1b47b04-0005-4515-a325-ffe9280d012c\">Wecasa c&rsquo;est une \u00e9quipe de 100 personnes qui travaillent dans les bureaux \u00e0 Paris et en r\u00e9gions, en t\u00e9l\u00e9travail. 60% de femmes, 17 nationalit\u00e9s, et des profils tr\u00e8s divers en termes d&rsquo;\u00e2ge, religion, situation de handicap, orientation sexuelle, background professionnel ou scolaire. Nous nous employons chaque jour \u00e0 cr\u00e9er ambiance de travail motivante et respectueuse de chacun. Et \u00e7a fonctionne plut\u00f4t bien : le magazine Capital nous a class\u00e9 <strong>15\u00e8me sur 400<\/strong> dans son <a href=\"https:\/\/www.capital.fr\/votre-carriere\/troops-bforcure-sorare-les-meilleures-start-up-ou-travailler-en-france-1445647\" data-type=\"LINK\" data-url=\"https:\/\/www.capital.fr\/votre-carriere\/troops-bforcure-sorare-les-meilleures-start-up-ou-travailler-en-france-1445647\" target=\"_blank\" rel=\"noopener\">classement sur les meilleures start-ups <\/a>o\u00f9 travailler en 2022. Cette m\u00eame ann\u00e9e, France Digital nous a d\u00e9cern\u00e9 <strong>le troph\u00e9e de la Diversit\u00e9<\/strong>. Merci \u00e0 eux, et surtout merci \u00e0 tous les collaborateurs, ce sont eux qui font vivre notre culture d&rsquo;entreprise.<\/p>\n<p data-type=\"unstyled\" data-id=\"e1b47b04-0005-4515-a325-ffe9280d012c\"><img fetchpriority=\"high\" decoding=\"async\" class=\"alignnone size-full wp-image-12795\" src=\"https:\/\/wecasa.fr\/mag\/wp-content\/uploads\/2025\/10\/Talent-Awards-Prix-Diversity.png\" alt=\"Wecasa laureat diversit\u00e9\" width=\"1405\" height=\"668\" \/><\/p>\n<p data-type=\"unstyled\" data-id=\"3ea8b709-4c58-48a4-a924-df34d1358d73\">Voil\u00e0, \u00e7a c&rsquo;est qu&rsquo;on fait d\u00e9j\u00e0. Et on va faire encore mieux. Au programme :<\/p>\n<h3 data-type=\"header-three\" data-id=\"e3d9f66b-03ac-4f6b-aa41-5705e54e12dd\">R\u00e9duire notre empreinte carbone.<\/h3>\n<p data-type=\"unstyled\" data-id=\"6922a583-73a1-44bb-98ea-52c5426d18b4\">On a d\u00e9j\u00e0 fait un bilan avec l&rsquo;entreprise Plan A et c\u00f4t\u00e9 entreprise,<span data-type=\"comment-y9BdPaNIUFPZo6\"> les r\u00e9sultats sont bons<\/span>. Il reste maintenant \u00e0 r\u00e9duire les distances parcourues par les pros partenaires pour se rendre chez leurs clients. Aujourd&rsquo;hui, en moyenne, un professionnel partenaire se d\u00e9place 5,5 kilom\u00e8tres pour r\u00e9aliser une session Wecasa. Nous allons continuer \u00e0 r\u00e9duire cette distance notamment gr\u00e2ce \u00e0 une meilleure prise en compte des temps de trajet (qui diff\u00e8rent parfois fortement des distances \u00e0 vol d&rsquo;oiseau).<\/p>\n<h3 data-type=\"header-three\" data-id=\"68558cfd-a9e9-4f17-a9e9-c83971cf33f8\">Obtenir notre certification B-Corp.<\/h3>\n<p data-type=\"unstyled\" data-id=\"44e169b7-f93b-485d-9ce3-5b74bc3661fc\">Nous avons entam\u00e9 les d\u00e9marches pour obtenir ce label qui compte parmi les plus exigeants en mati\u00e8re de responsabilit\u00e9 des entreprises. Nous marquons ainsi notre volont\u00e9 d&rsquo;int\u00e9grer les enjeux sociaux et environnementaux au coeur de nos pratiques. Vers l&rsquo;infini et l&rsquo;au-del\u00e0&#8230; et pas n&rsquo;importe comment.<\/p>\n","protected":false},"excerpt":{"rendered":"<p><span class=\"span-reading-time rt-reading-time\" style=\"display: block;\"><span class=\"rt-label rt-prefix\">Temps de lecture : <\/span> <span class=\"rt-time\"> 3<\/span> <span class=\"rt-label rt-postfix\">minutes<\/span><\/span>Nous sommes Wecasa. Nous sommes une plateforme de mise en relation, c&rsquo;est-\u00e0-dire que nous faisons le lien entre des clients et des professionnels partenaires. Seulement, voil\u00e0 : on essaie de le faire intelligemment, et avec un suppl\u00e9ment d&rsquo;\u00e2me. C&rsquo;est \u00e7a pour nous, \u00eatre une plateforme responsable. D\u00e9monstration. Nous d\u00e9veloppons les services de proximit\u00e9. On a [&hellip;]<\/p>\n","protected":false},"author":19,"featured_media":50460,"comment_status":"open","ping_status":"closed","sticky":false,"template":"","format":"standard","meta":{"_acf_changed":false,"footnotes":""},"categories":[798,796],"tags":[816],"class_list":["post-50457","post","type-post","status-publish","format-standard","has-post-thumbnail","hentry","category-les-coulisses-de-wecasa","category-actu","tag-les-coulisses-de-wecasa"],"acf":[],"_links":{"self":[{"href":"https:\/\/www.wecasa.fr\/mag\/wp-json\/wp\/v2\/posts\/50457","targetHints":{"allow":["GET"]}}],"collection":[{"href":"https:\/\/www.wecasa.fr\/mag\/wp-json\/wp\/v2\/posts"}],"about":[{"href":"https:\/\/www.wecasa.fr\/mag\/wp-json\/wp\/v2\/types\/post"}],"author":[{"embeddable":true,"href":"https:\/\/www.wecasa.fr\/mag\/wp-json\/wp\/v2\/users\/19"}],"replies":[{"embeddable":true,"href":"https:\/\/www.wecasa.fr\/mag\/wp-json\/wp\/v2\/comments?post=50457"}],"version-history":[{"count":0,"href":"https:\/\/www.wecasa.fr\/mag\/wp-json\/wp\/v2\/posts\/50457\/revisions"}],"wp:featuredmedia":[{"embeddable":true,"href":"https:\/\/www.wecasa.fr\/mag\/wp-json\/wp\/v2\/media\/50460"}],"wp:attachment":[{"href":"https:\/\/www.wecasa.fr\/mag\/wp-json\/wp\/v2\/media?parent=50457"}],"wp:term":[{"taxonomy":"category","embeddable":true,"href":"https:\/\/www.wecasa.fr\/mag\/wp-json\/wp\/v2\/categories?post=50457"},{"taxonomy":"post_tag","embeddable":true,"href":"https:\/\/www.wecasa.fr\/mag\/wp-json\/wp\/v2\/tags?post=50457"}],"curies":[{"name":"wp","href":"https:\/\/api.w.org\/{rel}","templated":true}]}}