{"id":54448,"date":"2024-09-12T10:34:21","date_gmt":"2024-09-12T10:34:21","guid":{"rendered":"https:\/\/wecasa.fr\/mag\/charge-mentale-definition\/"},"modified":"2024-09-12T10:34:21","modified_gmt":"2024-09-12T10:34:21","slug":"charge-mentale-definition","status":"publish","type":"post","link":"https:\/\/www.wecasa.fr\/mag\/charge-mentale-definition\/","title":{"rendered":"La charge mentale : une notion essentielle \u00e0 comprendre"},"content":{"rendered":"<span class=\"span-reading-time rt-reading-time\" style=\"display: block;\"><span class=\"rt-label rt-prefix\">Temps de lecture : <\/span> <span class=\"rt-time\"> 3<\/span> <span class=\"rt-label rt-postfix\">minutes<\/span><\/span><p>La charge mentale, c&rsquo;est ce poids invisible qui p\u00e8se sur nos \u00e9paules au quotidien. C&rsquo;est cette sensation d&rsquo;avoir mille choses en t\u00eate, \u00e0 la fois personnelles et professionnelles. Faisons un point sur la d\u00e9finition de la charge mentale qui peut se traduire par la gestion continue des t\u00e2ches domestiques et familiales, comme l&rsquo;organisation des repas, le suivi scolaire ou encore le m\u00e9nage. Cette notion, bien que de plus en plus reconnue, reste souvent floue pour beaucoup. Face \u00e0 cela, le <a href=\"https:\/\/www.wecasa.fr\/femme-menage-domicile\/\">m\u00e9nage \u00e0 domicile<\/a> appara\u00eet comme une solution concr\u00e8te pour all\u00e9ger cette charge et retrouver un \u00e9quilibre dans son quotidien.<\/p>\n<p><img fetchpriority=\"high\" decoding=\"async\" class=\"aligncenter wp-image-29569 size-full\" src=\"https:\/\/wecasa.fr\/mag\/wp-content\/uploads\/2025\/10\/charge-mentale-definition.png\" alt=\"charge mentale de\u0301finition\" width=\"1344\" height=\"896\" \/><\/p>\n<h2>Charge mentale : d\u00e9finition et caract\u00e9ristiques<\/h2>\n<h3>Origine de la charge mentale<\/h3>\n<p>Le concept de \u00ab\u00a0charge mentale\u00a0\u00bb a \u00e9t\u00e9 popularis\u00e9 par la sociologue Monique Haicault dans les ann\u00e9es 1980. Il d\u00e9signe la gestion constante des t\u00e2ches domestiques et familiales, souvent assum\u00e9e en silence, majoritairement par les femmes.<\/p>\n<h3>Principaux \u00e9l\u00e9ments de la charge mentale<\/h3>\n<p>La charge mentale se manifeste par :<\/p>\n<ul>\n<li>L&rsquo;<strong>anticipation constante<\/strong> des besoins du foyer.<\/li>\n<li>La planification des t\u00e2ches \u00e0 r\u00e9aliser (courses, repas, enfants).<\/li>\n<li>La <strong>gestion des impr\u00e9vus<\/strong>, sans v\u00e9ritable pause.<\/li>\n<\/ul>\n<h3>Impacts de la charge mentale sur la sant\u00e9<\/h3>\n<p>La charge mentale affecte directement la concentration et la productivit\u00e9 au travail. <strong>Fatigue mentale, stress<\/strong>, et difficult\u00e9 \u00e0 jongler entre vie priv\u00e9e et professionnelle sont des signes courants.<\/p>\n<p>Dans la vie personnelle, elle peut provoquer une <strong>surcharge \u00e9motionnelle<\/strong>, des tensions au sein du couple ou encore un sentiment de frustration. On se sent souvent \u00ab\u00a0\u00e0 bout\u00a0\u00bb, avec l&rsquo;impression de ne jamais en faire assez malgr\u00e9 la sensation d&rsquo;\u00e9puisement.<\/p>\n<h2>La charge mentale dans la vie quotidienne<\/h2>\n<h3>R\u00e9partition des t\u00e2ches domestiques<\/h3>\n<p>Souvent, la charge mentale d\u00e9coule d&rsquo;une <a href=\"https:\/\/www.wecasa.fr\/mag\/surcharge-mentale\/\">mauvaise r\u00e9partition des t\u00e2ches \u00e0 la maison<\/a>. Une \u00e9tude de l&rsquo;IFOP r\u00e9v\u00e8le qu&rsquo;une majorit\u00e9 de femmes (73 %) se chargent de la plupart des t\u00e2ches domestiques dans les foyers. Cela cr\u00e9e un d\u00e9s\u00e9quilibre qui alourdit la charge mentale des femmes.<\/p>\n<h3>Charge mentale et organisation familiale<\/h3>\n<p>Entre les activit\u00e9s des enfants, la planification des repas et l&rsquo;entretien de la maison, la famille devient rapidement une source de surcharge mentale. Cette gestion constante des d\u00e9tails devient \u00e9puisante \u00e0 la longue.<\/p>\n<h3>La charge mentale chez les femmes<\/h3>\n<p>Les <a href=\"https:\/\/www.wecasa.fr\/mag\/hommes-font-jamais-le-menage\/\">st\u00e9r\u00e9otypes de genre<\/a> renforcent l&rsquo;id\u00e9e que les femmes sont naturellement plus aptes \u00e0 g\u00e9rer la maison. Cela leur impose une double journ\u00e9e : celle du travail et celle des t\u00e2ches domestiques.<\/p>\n<h2>Les cl\u00e9s pour all\u00e9ger sa charge mentale<\/h2>\n<h3>La r\u00e9partition \u00e9quitable des t\u00e2ches<\/h3>\n<p>Pour <a href=\"https:\/\/www.wecasa.fr\/mag\/comment-reduire-charge-mentale\/\">r\u00e9duire la charge mentale<\/a>, il est essentiel de mieux r\u00e9partir les t\u00e2ches domestiques. Quelques astuces :<\/p>\n<ul>\n<li><strong>Cr\u00e9er un planning familial<\/strong> : r\u00e9partir clairement qui fait quoi.<\/li>\n<li><strong>Utiliser des outils collaboratifs<\/strong> : applications de gestion des t\u00e2ches.<\/li>\n<li><strong>Former les enfants d\u00e8s le plus jeune \u00e2ge<\/strong> \u00e0 participer aux t\u00e2ches m\u00e9nag\u00e8res.<\/li>\n<\/ul>\n<h3>Diminuer le stress li\u00e9 \u00e0 la charge mentale<\/h3>\n<p>Pour all\u00e9ger ce stress quotidien, pensez \u00e0 :<\/p>\n<ul>\n<li><strong>D\u00e9l\u00e9guer davantage<\/strong> : l&rsquo;aide d&rsquo;un(e) professionnel(le) \u00e0 domicile peut faire toute la diff\u00e9rence.<\/li>\n<li><strong>S\u2019accorder des moments de pause<\/strong> : prendre soin de soi, m\u00eame 10 minutes par jour, permet de mieux g\u00e9rer la pression.<\/li>\n<li><strong>Exprimer ses besoins<\/strong> : ne pas h\u00e9siter \u00e0 communiquer clairement avec son entourage.<\/li>\n<\/ul>\n<h3>Profiter d&rsquo;un cong\u00e9 de charge mentale<\/h3>\n<p>Enfin, accordez-vous un cong\u00e9 de charge mentale ! Que ce soit en faisant appel \u00e0 un service comme Wecasa pour prendre en charge le m\u00e9nage, ou en vous organisant des moments rien que pour vous. Vous verrez, \u00e7a change tout !<\/p>\n<p>&nbsp;<\/p>\n<div class=\"reserverShortcode\"><a href=\"https:\/\/www.wecasa.fr\/femme-menage-domicile\" title=\"R\u00e9server un m\u00e9nage \u00e0 domicile Wecasa\">R\u00e9server un m\u00e9nage \u00e0 domicile Wecasa<\/a><\/div>\n","protected":false},"excerpt":{"rendered":"<p><span class=\"span-reading-time rt-reading-time\" style=\"display: block;\"><span class=\"rt-label rt-prefix\">Temps de lecture : <\/span> <span class=\"rt-time\"> 3<\/span> <span class=\"rt-label rt-postfix\">minutes<\/span><\/span>La charge mentale, c&rsquo;est ce poids invisible qui p\u00e8se sur nos \u00e9paules au quotidien. C&rsquo;est cette sensation d&rsquo;avoir mille choses en t\u00eate, \u00e0 la fois personnelles et professionnelles. Faisons un point sur la d\u00e9finition de la charge mentale qui peut se traduire par la gestion continue des t\u00e2ches domestiques et familiales, comme l&rsquo;organisation des repas, [&hellip;]<\/p>\n","protected":false},"author":16,"featured_media":54449,"comment_status":"open","ping_status":"closed","sticky":false,"template":"","format":"standard","meta":{"_acf_changed":false,"footnotes":""},"categories":[830,801],"tags":[],"class_list":["post-54448","post","type-post","status-publish","format-standard","has-post-thumbnail","hentry","category-charge-mentale","category-menage"],"acf":[],"_links":{"self":[{"href":"https:\/\/www.wecasa.fr\/mag\/wp-json\/wp\/v2\/posts\/54448","targetHints":{"allow":["GET"]}}],"collection":[{"href":"https:\/\/www.wecasa.fr\/mag\/wp-json\/wp\/v2\/posts"}],"about":[{"href":"https:\/\/www.wecasa.fr\/mag\/wp-json\/wp\/v2\/types\/post"}],"author":[{"embeddable":true,"href":"https:\/\/www.wecasa.fr\/mag\/wp-json\/wp\/v2\/users\/16"}],"replies":[{"embeddable":true,"href":"https:\/\/www.wecasa.fr\/mag\/wp-json\/wp\/v2\/comments?post=54448"}],"version-history":[{"count":0,"href":"https:\/\/www.wecasa.fr\/mag\/wp-json\/wp\/v2\/posts\/54448\/revisions"}],"wp:featuredmedia":[{"embeddable":true,"href":"https:\/\/www.wecasa.fr\/mag\/wp-json\/wp\/v2\/media\/54449"}],"wp:attachment":[{"href":"https:\/\/www.wecasa.fr\/mag\/wp-json\/wp\/v2\/media?parent=54448"}],"wp:term":[{"taxonomy":"category","embeddable":true,"href":"https:\/\/www.wecasa.fr\/mag\/wp-json\/wp\/v2\/categories?post=54448"},{"taxonomy":"post_tag","embeddable":true,"href":"https:\/\/www.wecasa.fr\/mag\/wp-json\/wp\/v2\/tags?post=54448"}],"curies":[{"name":"wp","href":"https:\/\/api.w.org\/{rel}","templated":true}]}}