{"id":55233,"date":"2025-05-26T15:35:58","date_gmt":"2025-05-26T15:35:58","guid":{"rendered":"https:\/\/wecasa.fr\/mag\/cumuler-auto-entreprise-rsa\/"},"modified":"2026-01-19T15:39:21","modified_gmt":"2026-01-19T15:39:21","slug":"cumuler-auto-entreprise-rsa","status":"publish","type":"post","link":"https:\/\/www.wecasa.fr\/mag\/cumuler-auto-entreprise-rsa\/","title":{"rendered":"Cumuler auto-entreprise et RSA : est-ce possible ?"},"content":{"rendered":"<span class=\"span-reading-time rt-reading-time\" style=\"display: block;\"><span class=\"rt-label rt-prefix\">Temps de lecture : <\/span> <span class=\"rt-time\"> 4<\/span> <span class=\"rt-label rt-postfix\">minutes<\/span><\/span><p>Le <strong>Revenu de Solidarit\u00e9 Active<\/strong> (RSA) est un dispositif qui permet d&rsquo;assurer un revenu minimum aux personnes sans ressources suffisantes. Mais pouvez-vous en b\u00e9n\u00e9ficier si vous vous lancez dans une activit\u00e9 entrepreneuriale ? Est-il possible de cumuler le RSA avec les revenus d\u2019une micro-entreprise ? La r\u00e9ponse est oui, sous certaines conditions. Dans cet article, on vous explique tout de fa\u00e7on claire et simple : qui peut en b\u00e9n\u00e9ficier, comment en faire la demande, combien vous pouvez toucher, et pourquoi ce cumul peut vraiment valoir le coup.<\/p>\n<p><img fetchpriority=\"high\" decoding=\"async\" class=\"alignnone wp-image-34065 size-full\" src=\"https:\/\/wecasa.fr\/mag\/wp-content\/uploads\/2025\/10\/entrepreneur-rsa.png\" alt=\"rsa auto entrepreneur\" width=\"1344\" height=\"896\" \/><\/p>\n<p>&nbsp;<\/p>\n<h2>Pouvez-vous percevoir le RSA tout en \u00e9tant en auto-entreprise ?<\/h2>\n<p>La r\u00e9ponse est <strong>oui<\/strong>. La <a href=\"https:\/\/www.wecasa.fr\/mag\/helene-estheticienne-a-domicile\/\">cr\u00e9ation ou la reprise d\u2019une entreprise<\/a> n\u2019est pas incompatible avec une \u00e9ligibilit\u00e9 au RSA, surtout au lancement de l\u2019activit\u00e9. On vous explique comment \u00e7a fonctionne.<\/p>\n<p>Vous travaillez dans les services \u00e0 la personne ? Que vous soyez aide \u00e0 domicile, assistant\u00b7e maternel\u00b7le, jardinier ind\u00e9pendant, intervenant\u00b7e en m\u00e9nage ou accompagnant\u00b7e de personnes \u00e2g\u00e9es, cet article est fait pour vous. Si vous exercez en tant que micro-entrepreneur, sachez que vous pouvez, sous certaines conditions, pr\u00e9tendre au RSA.<\/p>\n<h2>Les conditions pour cumuler RSA et auto-entreprise<\/h2>\n<p>Contrairement \u00e0 une id\u00e9e re\u00e7ue, le RSA n\u2019est pas r\u00e9serv\u00e9 aux personnes sans activit\u00e9. Il est donc tout \u00e0 fait <strong>possible de cumuler le RSA et l\u2019auto-entreprise<\/strong>, \u00e0 condition de respecter les crit\u00e8res d\u2019\u00e9ligibilit\u00e9 classiques du RSA :<\/p>\n<ul>\n<li>\u00catre \u00e2g\u00e9 d\u2019au moins<strong> 25 ans<\/strong> (ou avoir moins de 25 ans avec un enfant \u00e0 charge ou un parcours professionnel suffisant) ;<\/li>\n<li>R\u00e9sider en <strong>France de mani\u00e8re stable et effective<\/strong> ;<\/li>\n<li>Disposer de <strong>ressources inf\u00e9rieures aux plafonds<\/strong> d\u00e9finis par la <a href=\"https:\/\/caf.fr\/\" rel=\"nofollow noopener\" target=\"_blank\">CAF<\/a><br \/>\n(ou la MSA pour les travailleurs agricoles) ;<\/li>\n<li>D\u00e9clarer l\u2019<strong>int\u00e9gralit\u00e9 de vos revenus<\/strong>, y compris ceux issus de l\u2019auto-entreprise.<\/li>\n<\/ul>\n<h2>Montant du RSA pour une personne en auto-entreprise<\/h2>\n<p>Le montant du RSA vers\u00e9 d\u00e9pend directement de vos <strong>ressources<\/strong> et notamment du <strong>chiffre d\u2019affaires d\u00e9clar\u00e9<\/strong> dans votre micro-entreprise. Pour cela, la CAF applique un <strong>abattement forfaitaire<\/strong> afin d\u2019estimer vos revenus professionnels r\u00e9els :<\/p>\n<ul>\n<li>71 % d\u2019abattement pour les activit\u00e9s commerciales<\/li>\n<li><strong>50 % pour les prestations de services<\/strong><\/li>\n<li>34 % pour les professions lib\u00e9rales<\/li>\n<\/ul>\n<p>Si vous exercez dans les <strong>services \u00e0 la personne<\/strong> (m\u00e9nage, garde d\u2019enfants, aide \u00e0 domicile, soutien scolaire, etc.), votre activit\u00e9 est g\u00e9n\u00e9ralement class\u00e9e comme <strong>prestation de service commerciale ou artisanale<\/strong> L\u2019abattement qui s\u2019applique est donc de<strong> 50 %<\/strong>. Cela signifie que seule <strong>la moiti\u00e9 de votre chiffre d&rsquo;affaires<\/strong> est prise en compte dans le calcul de vos droits au RSA.<br \/>\nExemple :<br \/>\nVous r\u00e9alisez 800 \u20ac de chiffre d\u2019affaires en prestation de services. La CAF consid\u00e9rera que vos revenus nets sont de 400 \u20ac (50 % d\u2019abattement).<br \/>\nEnsuite, ce montant est d\u00e9duit du RSA socle auquel vous avez droit. En 2025, pour une personne seule sans enfant, le RSA mensuel de base est de 646,52 \u20ac. Si vous avez 400 \u20ac de revenus, vous toucherez 646 &#8211; 400 = 246 \u20ac de RSA.<\/p>\n<p>  <em>Vous pouvez simuler vos droits en ligne \u00e0 tout moment gr\u00e2ce \u00e0 l\u2019outil de simulation RSA pr\u00e9sent sur <a href=\"https:\/\/www.mes-allocs.fr\/guides\/rsa\/simulation-rsa\/\" target=\"_blank\" rel=\"noopener\">le site de Mes Allocs.fr.<\/a><\/em><\/p>\n<h2>Quelles d\u00e9marches pour percevoir le RSA ?<\/h2>\n<p>Pour obtenir le RSA en tant qu\u2019auto-entrepreneur, voici les \u00e9tapes \u00e0 suivre :<\/p>\n<ul>\n<li><strong>Faire une demande en ligne<\/strong> sur le site de la CAF ou de la MSA<\/li>\n<li>Fournir<strong> les justificatifs d&rsquo;identit\u00e9, de r\u00e9sidence, de situation familiale et de revenus<\/strong><\/li>\n<li>D\u00e9clarer<strong> votre statut d\u2019auto-entrepreneur<\/strong> au moment de la demande<\/li>\n<li>Une fois le RSA accord\u00e9, effectuer une d<strong>\u00e9claration trimestrielle de ressources<\/strong>, incluant votre chiffre d\u2019affaires par mois.<\/li>\n<\/ul>\n<p>Attention, il est indispensable de d\u00e9clarer avec exactitude vos revenus d&rsquo;activit\u00e9 chaque trimestre, sous peine de suspension ou de suppression de vos droits.<\/p>\n<p>  <em>En savoir plus sur les <a href=\"https:\/\/www.wecasa.fr\/mag\/pro-formalites-administratives-micro-entrepreneur\/\">formalit\u00e9s administratives du micro-entrepreneur<\/a><\/em><\/p>\n<h2>Pendant combien de temps le RSA peut-il \u00eatre vers\u00e9 \u00e0 un auto-entrepreneur ?<\/h2>\n<p>Il n\u2019y a pas de dur\u00e9e maximale impos\u00e9e pour percevoir le RSA <strong>tant que vos revenus restent inf\u00e9rieurs au plafond d\u2019\u00e9ligibilit\u00e9<\/strong>. Le RSA est donc <strong>renouvel\u00e9 automatiquement<\/strong> tous les trimestres, \u00e0 condition de d\u00e9clarer vos ressources dans les d\u00e9lais.<br \/>\nCependant, l\u2019objectif reste de <strong>sortir progressivement du RSA<\/strong> gr\u00e2ce \u00e0 l\u2019augmentation des revenus g\u00e9n\u00e9r\u00e9s par votre activit\u00e9. Le RSA s\u2019adapte \u00e0 vos ressources : si votre chiffre d\u2019affaires augmente, votre RSA diminue ; et inversement.<\/p>\n<h2>Quels sont les avantages du RSA pour un auto-entrepreneur ?<\/h2>\n<p>Le RSA permet de <strong>compenser un faible revenu<\/strong> durant les premiers mois d\u2019activit\u00e9. Il permet ainsi de d\u00e9marrer un projet sans avoir \u00e0 renoncer \u00e0 un minimum de stabilit\u00e9 financi\u00e8re. Pour les auto-entrepreneurs en services \u00e0 domicile, cet avantage est d\u2019autant plus important que l\u2019activit\u00e9 peut \u00eatre irr\u00e9guli\u00e8re ou saisonni\u00e8re : certaines p\u00e9riodes de l\u2019ann\u00e9e (vacances scolaires, hiver, etc.) peuvent entra\u00eener une baisse de la demande. Le RSA vous permet donc de lisser vos revenus et de maintenir une stabilit\u00e9 financi\u00e8re, m\u00eame lorsque l\u2019activit\u00e9 ralentit.<br \/>\nEn \u00e9tant b\u00e9n\u00e9ficiaire du RSA, vous pouvez aussi profiter d\u2019un <strong>accompagnement personnalis\u00e9<\/strong> : insertion professionnelle, gestion de projet, aide au montage de dossier.<\/p>\n<p>Enfin, votre \u00e9ligibilit\u00e9 au RSA vous ouvre droit \u00e0 d\u2019autres <strong>aides sociales<\/strong> : APL, couverture sant\u00e9 compl\u00e9mentaire, etc.<\/p>\n<h2>RSA en micro-entreprise : comment d\u00e9clarer ses revenus\u2009?<\/h2>\n<p>La d\u00e9claration de vos revenus en tant qu\u2019auto-entrepreneur est <strong>trimestrielle<\/strong> et se fait directement sur votre espace personnel CAF (ou MSA). Vous devrez y indiquer :<\/p>\n<ul>\n<li>Le <strong>chiffre d\u2019affaires brut<\/strong> de chacun des trois derniers mois<\/li>\n<li>Le type d\u2019activit\u00e9 (commerce, prestation de service ou lib\u00e9rale)<\/li>\n<li>Les \u00e9ventuels autres revenus per\u00e7us durant cette p\u00e9riode (allocations, pensions, etc.).<\/li>\n<\/ul>\n<h2>Quelles sont les autres aides financi\u00e8res pour un auto-entrepreneur ?<\/h2>\n<p>En plus du RSA, un auto-entrepreneur peut avoir acc\u00e8s \u00e0 plusieurs <strong>dispositifs d\u2019aide compl\u00e9mentaires<\/strong> :<\/p>\n<ul>\n<li><strong>ACRE<\/strong> (Aide \u00e0 la Cr\u00e9ation ou \u00e0 la Reprise d\u2019Entreprise) : exon\u00e9ration partielle de cotisations sociales durant la premi\u00e8re ann\u00e9e.<\/li>\n<li><strong>Prime d\u2019activit\u00e9<\/strong> (vers\u00e9e si vos revenus d\u00e9passent un certain seuil mensuel)<\/li>\n<li><strong>Aide de France Travail<\/strong> (ex-P\u00f4le emploi) pour la cr\u00e9ation d\u2019entreprise<\/li>\n<li><strong>Aides locales propos\u00e9es<\/strong> par les r\u00e9gions ou les collectivit\u00e9s pour l\u2019entrepreneuriat<\/li>\n<li><strong>Aides \u00e0 l\u2019h\u00e9bergement<\/strong> (APL), \u00e0 la mobilit\u00e9 ou \u00e0 la formation<\/li>\n<li><strong>Dispositifs d\u2019aide \u00e0 la mobilit\u00e9<\/strong>, si vous devez vous d\u00e9placer chez vos clients<\/li>\n<li><strong>R\u00e9ductions ou exon\u00e9rations de charges sociales<\/strong> sp\u00e9cifiques aux services \u00e0 la personne si vous r\u00e9pondez \u00e0 certains crit\u00e8res<\/li>\n<\/ul>\n","protected":false},"excerpt":{"rendered":"<p><span class=\"span-reading-time rt-reading-time\" style=\"display: block;\"><span class=\"rt-label rt-prefix\">Temps de lecture : <\/span> <span class=\"rt-time\"> 4<\/span> <span class=\"rt-label rt-postfix\">minutes<\/span><\/span>Le Revenu de Solidarit\u00e9 Active (RSA) est un dispositif qui permet d&rsquo;assurer un revenu minimum aux personnes sans ressources suffisantes. Mais pouvez-vous en b\u00e9n\u00e9ficier si vous vous lancez dans une activit\u00e9 entrepreneuriale ? Est-il possible de cumuler le RSA avec les revenus d\u2019une micro-entreprise ? La r\u00e9ponse est oui, sous certaines conditions. Dans cet article, [&hellip;]<\/p>\n","protected":false},"author":4,"featured_media":55234,"comment_status":"open","ping_status":"closed","sticky":false,"template":"","format":"standard","meta":{"_acf_changed":false,"footnotes":""},"categories":[822,954],"tags":[919,805],"class_list":["post-55233","post","type-post","status-publish","format-standard","has-post-thumbnail","hentry","category-emploi-domicile","category-administratif","tag-tag-top-categorie-pro-a-domicile","tag-top"],"acf":[],"_links":{"self":[{"href":"https:\/\/www.wecasa.fr\/mag\/wp-json\/wp\/v2\/posts\/55233","targetHints":{"allow":["GET"]}}],"collection":[{"href":"https:\/\/www.wecasa.fr\/mag\/wp-json\/wp\/v2\/posts"}],"about":[{"href":"https:\/\/www.wecasa.fr\/mag\/wp-json\/wp\/v2\/types\/post"}],"author":[{"embeddable":true,"href":"https:\/\/www.wecasa.fr\/mag\/wp-json\/wp\/v2\/users\/4"}],"replies":[{"embeddable":true,"href":"https:\/\/www.wecasa.fr\/mag\/wp-json\/wp\/v2\/comments?post=55233"}],"version-history":[{"count":0,"href":"https:\/\/www.wecasa.fr\/mag\/wp-json\/wp\/v2\/posts\/55233\/revisions"}],"wp:featuredmedia":[{"embeddable":true,"href":"https:\/\/www.wecasa.fr\/mag\/wp-json\/wp\/v2\/media\/55234"}],"wp:attachment":[{"href":"https:\/\/www.wecasa.fr\/mag\/wp-json\/wp\/v2\/media?parent=55233"}],"wp:term":[{"taxonomy":"category","embeddable":true,"href":"https:\/\/www.wecasa.fr\/mag\/wp-json\/wp\/v2\/categories?post=55233"},{"taxonomy":"post_tag","embeddable":true,"href":"https:\/\/www.wecasa.fr\/mag\/wp-json\/wp\/v2\/tags?post=55233"}],"curies":[{"name":"wp","href":"https:\/\/api.w.org\/{rel}","templated":true}]}}