{"id":55375,"date":"2020-03-30T16:31:33","date_gmt":"2020-03-30T16:31:33","guid":{"rendered":"https:\/\/wecasa.fr\/mag\/?p=55375"},"modified":"2025-12-18T15:06:16","modified_gmt":"2025-12-18T15:06:16","slug":"couvre-chefs-mi-saison","status":"publish","type":"post","link":"https:\/\/www.wecasa.fr\/mag\/couvre-chefs-mi-saison\/","title":{"rendered":"3 couvre-chefs \u00e0 porter \u00e0 la mi-saison"},"content":{"rendered":"<span class=\"span-reading-time rt-reading-time\" style=\"display: block;\"><span class=\"rt-label rt-prefix\">Temps de lecture : <\/span> <span class=\"rt-time\"> 2<\/span> <span class=\"rt-label rt-postfix\">minutes<\/span><\/span><p>Le printemps est timide, alors on ne se d\u00e9couvre pas (encore) d&rsquo;un fil&#8230; Voici notre s\u00e9lection de <strong>trois couvre-chefs \u00e0 porter \u00e0 la mi-saison<\/strong>.<\/p>\n<h2>1. Le b\u00e9ret, le style \u00e0 la fran\u00e7aise<\/h2>\n<p><b>Qu&rsquo;y a-t-il de plus fran\u00e7ais qu&rsquo;un\u00a0b\u00e9ret<\/b> (ok, \u00e0 part la baguette) ? Rien, madame ! Il faut dire que cette saison, on l&rsquo;a vu partout et notamment sur les podiums des plus grandes maisons. Alors assumez votre \u00e9l\u00e9gance made in France avec cet accessoire ind\u00e9modable.<\/p>\n<p>Le b\u00e9ret donne <strong>une touche vintage \u00e0 une tenue classique<\/strong>. On l&rsquo;adore en\u00a0couleur rouge, mais il y en a pour tous les go\u00fbts : noir, gris, rouge, bordeaux, kaki. \u00c0 coordonner avec <a href=\"https:\/\/www.wecasa.fr\/mag\/rouges-levres-hiver\/\" target=\"_blank\" rel=\"noopener noreferrer\">un rouge \u00e0 l\u00e8vres<\/a> pour un look sophistiqu\u00e9.<\/p>\n<p><a href=\"https:\/\/www.instagram.com\/p\/BZLTbxhFmo_\/?taken-by=laulhere_france\" target=\"_blank\" rel=\"noopener\">https:\/\/www.instagram.com\/p\/BZLTbxhFmo_\/?taken-by=laulhere_france<\/a><\/p>\n<h2>2. La gavroche, le look titi parisien<\/h2>\n<p><strong>La casquette gavroche<\/strong>\u00a0a \u00e9galement brill\u00e9 derni\u00e8rement sur les podiums. Ce couvre-chef <strong>\u00e0 mi-chemin entre le b\u00e9ret et la casquette<\/strong> a lui aussi quelque chose de tr\u00e8s fran\u00e7ais, et plus encore de <strong>tr\u00e8s \u00ab\u00a0titi parisien\u00a0\u00bb (encore plus flagrant avec une <a href=\"https:\/\/www.wecasa.fr\/mag\/tendance-coupe-courte\/\" target=\"_blank\" rel=\"noopener noreferrer\">coupe courte<\/a> !)<\/strong>\u00a0La casquette gavroche\u00a0donne <strong>un style habill\u00e9 et d\u00e9contract\u00e9 \u00e0 la fois<\/strong>, et joue les jeux de mati\u00e8res : laine, cuir, feutre, coton&#8230;<\/p>\n<p><a href=\"https:\/\/www.instagram.com\/p\/BaR42SCngOy\/?taken-by=marinehasfreckles\" target=\"_blank\" rel=\"noopener\">https:\/\/www.instagram.com\/p\/BaR42SCngOy\/?taken-by=marinehasfreckles<\/a><\/p>\n<h2>3. Le chapeau, pour toutes vos envies<\/h2>\n<p><strong>Roi des couvre-chefs, le chapeau <\/strong>est un<strong>\u00a0<\/strong>accessoire ind\u00e9modable qui donne <strong>la touche finale \u00e0 votre tenue<\/strong>. Il a l&rsquo;avantage de pouvoir \u00eatre port\u00e9 \u00e0 tout \u00e2ge, par les femmes et par les hommes. Oubliez le vieil adage, il n&rsquo;est pas r\u00e9serv\u00e9 aux \u00ab\u00a0t\u00eates \u00e0 chapeaux\u00a0\u00bb : tout le monde peut le porter, \u00e0 condition de trouver le bon mod\u00e8le ! Donc pas de secret : essayez-en plusieurs pour d\u00e9nicher l&rsquo;heureux \u00e9lu.<\/p>\n<p style=\"text-align: center;\"><img fetchpriority=\"high\" decoding=\"async\" class=\"aligncenter wp-image-419 size-full\" src=\"https:\/\/wecasa.fr\/mag\/wp-content\/uploads\/2025\/10\/3-couvre-chef-1.png\" alt=\"notre s\u00e9lection de couvre-chefs\" width=\"800\" height=\"800\" \/><\/p>\n<ol>\n<li>Chapeau noir Zara<\/li>\n<li>B\u00e9ret rouge Galerie Lafayette<\/li>\n<li>Gavroche H&amp;M<\/li>\n<\/ol>\n<p><strong>Et vous, vous \u00eates plut\u00f4t b\u00e9ret, gavroche ou chapeau ?<\/strong><\/p>\n<p style=\"text-align: center;\"><div class=\"reserverShortcode\"><a href=\"https:\/\/www.wecasa.fr\/\" title=\"R\u00e9server Wecasa\">R\u00e9server maintenant<\/a><\/div><\/p>\n<p style=\"text-align: center;\">[ratings]<\/p>\n","protected":false},"excerpt":{"rendered":"<p><span class=\"span-reading-time rt-reading-time\" style=\"display: block;\"><span class=\"rt-label rt-prefix\">Temps de lecture : <\/span> <span class=\"rt-time\"> 2<\/span> <span class=\"rt-label rt-postfix\">minutes<\/span><\/span>Le printemps est timide, alors on ne se d\u00e9couvre pas (encore) d&rsquo;un fil&#8230; Voici notre s\u00e9lection de trois couvre-chefs \u00e0 porter \u00e0 la mi-saison. 1. Le b\u00e9ret, le style \u00e0 la fran\u00e7aise Qu&rsquo;y a-t-il de plus fran\u00e7ais qu&rsquo;un\u00a0b\u00e9ret (ok, \u00e0 part la baguette) ? Rien, madame ! Il faut dire que cette saison, on l&rsquo;a [&hellip;]<\/p>\n","protected":false},"author":32,"featured_media":46462,"comment_status":"open","ping_status":"closed","sticky":false,"template":"","format":"standard","meta":{"_acf_changed":false,"footnotes":""},"categories":[812,802],"tags":[],"class_list":["post-55375","post","type-post","status-publish","format-standard","has-post-thumbnail","hentry","category-tendances-coiffure","category-coiffure"],"acf":[],"_links":{"self":[{"href":"https:\/\/www.wecasa.fr\/mag\/wp-json\/wp\/v2\/posts\/55375","targetHints":{"allow":["GET"]}}],"collection":[{"href":"https:\/\/www.wecasa.fr\/mag\/wp-json\/wp\/v2\/posts"}],"about":[{"href":"https:\/\/www.wecasa.fr\/mag\/wp-json\/wp\/v2\/types\/post"}],"author":[{"embeddable":true,"href":"https:\/\/www.wecasa.fr\/mag\/wp-json\/wp\/v2\/users\/32"}],"replies":[{"embeddable":true,"href":"https:\/\/www.wecasa.fr\/mag\/wp-json\/wp\/v2\/comments?post=55375"}],"version-history":[{"count":0,"href":"https:\/\/www.wecasa.fr\/mag\/wp-json\/wp\/v2\/posts\/55375\/revisions"}],"wp:featuredmedia":[{"embeddable":true,"href":"https:\/\/www.wecasa.fr\/mag\/wp-json\/wp\/v2\/media\/46462"}],"wp:attachment":[{"href":"https:\/\/www.wecasa.fr\/mag\/wp-json\/wp\/v2\/media?parent=55375"}],"wp:term":[{"taxonomy":"category","embeddable":true,"href":"https:\/\/www.wecasa.fr\/mag\/wp-json\/wp\/v2\/categories?post=55375"},{"taxonomy":"post_tag","embeddable":true,"href":"https:\/\/www.wecasa.fr\/mag\/wp-json\/wp\/v2\/tags?post=55375"}],"curies":[{"name":"wp","href":"https:\/\/api.w.org\/{rel}","templated":true}]}}