{"id":55385,"date":"2020-09-06T09:53:15","date_gmt":"2020-09-06T09:53:15","guid":{"rendered":"https:\/\/wecasa.fr\/mag\/?p=55385"},"modified":"2024-10-21T11:24:48","modified_gmt":"2024-10-21T11:24:48","slug":"queue-de-cheval-chic-pour-mariee-a-la-audrey-hepbrun-clementine","status":"publish","type":"post","link":"https:\/\/www.wecasa.fr\/mag\/queue-de-cheval-chic-pour-mariee-a-la-audrey-hepbrun-clementine\/","title":{"rendered":"Queue de cheval chic pour mari\u00e9e \u00e0 la Audrey Hepbrun : Cl\u00e9mentine"},"content":{"rendered":"<span class=\"span-reading-time rt-reading-time\" style=\"display: block;\"><span class=\"rt-label rt-prefix\">Temps de lecture : <\/span> <span class=\"rt-time\"> 3<\/span> <span class=\"rt-label rt-postfix\">minutes<\/span><\/span><p>Nous poursuivons notre s\u00e9rie de mari\u00e9es inspirantes, vues par leur photographe. Nous vous pr\u00e9sentons Agathe Fourmond, photographe de mariage bas\u00e9e en Loire-Antlantique. On aime la simplicit\u00e9 de ses photos, qui parviennent \u00e0 retranscrire <strong>l&rsquo;authenticit\u00e9 des moments de bonheur<\/strong>. Agathe nous parle de Cl\u00e9mentine, l&rsquo;une de ses jolies mari\u00e9es.<\/p>\n<h2>Un look de mari\u00e9e r\u00e9tro<\/h2>\n<p>\u00a0\u00bb Cl\u00e9mentine avait envie de quelque chose de <strong>simple et \u00e9l\u00e9gant, un peu d\u00e9cal\u00e9 mais de circonstance, r\u00e9tro et moderne \u00e0 la fois<\/strong>, explique Agathe. Et j&rsquo;ai ador\u00e9 le r\u00e9sultat !\u00a0\u00bb<\/p>\n<p><img fetchpriority=\"high\" decoding=\"async\" class=\"aligncenter wp-image-392 size-full\" src=\"https:\/\/wecasa.fr\/mag\/wp-content\/uploads\/2025\/10\/mariage_oleron_agathefphotographie-79-1.jpg\" alt=\"une mari\u00e9e avec un bouquet de fleurs\" width=\"1001\" height=\"1500\" \/><\/p>\n<p><img decoding=\"async\" class=\"aligncenter wp-image-393 size-full\" src=\"https:\/\/wecasa.fr\/mag\/wp-content\/uploads\/2025\/10\/mariage_oleron_agathefphotographie-22-1.jpg\" alt=\"un couple joyeux \" width=\"1000\" height=\"1500\" \/><\/p>\n<h2>Une queue de cheval tr\u00e8s 50&rsquo;s<\/h2>\n<p>Une <strong>queue de cheval assez simple<\/strong>, mais exactement \u00e0 la bonne hauteur<span style=\"font-family: -apple-system, BlinkMacSystemFont, 'Segoe UI', Roboto, Oxygen-Sans, Ubuntu, Cantarell, 'Helvetica Neue', sans-serif; font-size: 16px;\"> pour sublimer son port de t\u00eate, une m\u00e8che pos\u00e9e sur le c\u00f4t\u00e9 juste comme il faut, et les longueurs bien liss\u00e9es puis laqu\u00e9es pour une tenue impeccable.\u00a0<\/span><\/p>\n<p><img decoding=\"async\" class=\"aligncenter wp-image-396 size-full\" src=\"https:\/\/wecasa.fr\/mag\/wp-content\/uploads\/2025\/10\/mariage_oleron_agathefphotographie-12-1.jpg\" alt=\"finition de la robe de la mari\u00e9e\" width=\"1001\" height=\"1500\" \/><\/p>\n<p><img loading=\"lazy\" decoding=\"async\" class=\"aligncenter wp-image-397 size-full\" src=\"https:\/\/wecasa.fr\/mag\/wp-content\/uploads\/2025\/10\/mariage_oleron_agathefphotographie-19-1.jpg\" alt=\"Le mari\u00e9 fait tourner sa femme sur elle m\u00eame\" width=\"1001\" height=\"1500\" \/><\/p>\n<p><img loading=\"lazy\" decoding=\"async\" class=\"aligncenter wp-image-399 size-large\" src=\"https:\/\/wecasa.fr\/mag\/wp-content\/uploads\/2025\/10\/mariage_oleron_agathefphotographie-41-1-1024x683.jpg\" alt=\"le mari\u00e9 soul\u00e8ve le voile de la mari\u00e9e\" width=\"1024\" height=\"683\" \/><\/p>\n<h2>Un maquillage tout en lumi\u00e8re<\/h2>\n<p>C\u00f4t\u00e9 maquillage, Cl\u00e9mentine s&rsquo;en est occup\u00e9e elle-m\u00eame. Accro aux jolies couleurs et pinceaux en tout genre, et d\u00e9j\u00e0 tr\u00e8s cal\u00e9e sur le sujet maquillage, elle avait choisi de <strong>s&rsquo;offrir un cours de maquillage avec un professionnel<\/strong> en amont du mariage pour ma\u00eetriser un peu mieux les gestes. <strong>Une mise en beaut\u00e9 naturelle, un bonheur \u00e0 photographier !<\/strong>\u00ab\u00a0<\/p>\n<p><img loading=\"lazy\" decoding=\"async\" class=\"aligncenter wp-image-394 size-large\" src=\"https:\/\/wecasa.fr\/mag\/wp-content\/uploads\/2025\/10\/mariage_oleron_agathefphotographie-31-1-1024x683.jpg\" alt=\"des p\u00e9tales sur les mari\u00e9s \" width=\"1024\" height=\"683\" \/><\/p>\n<h2>Les bonnes id\u00e9es \u00e0 retenir pour sa mise en beaut\u00e9 de mari\u00e9e<\/h2>\n<p>Une queue de cheval plaqu\u00e9e pour changer des \u00e9ternels chignons de mari\u00e9e<br \/>Un look de mari\u00e9e<strong> inspir\u00e9 des ann\u00e9es 50<\/strong>, tr\u00e8s \u00e9l\u00e9gant<br \/>Un <strong>mini-voile avec plumetis<\/strong> \u00e0 poser sur la queue de cheval, pour une touche de tradition r\u00e9invent\u00e9e.<\/p>\n<p>On adore aussi<strong> l&rsquo;id\u00e9e de prendre <a href=\"https:\/\/www.wecasa.fr\/estheticienne-domicile\/articles\/cours-maquillage\/\">un cours de maquillage<\/a><\/strong> en pr\u00e9vision du mariage, id\u00e9al si vous avez envie de vous maquiller vous-m\u00eame.<\/p>\n<p><img loading=\"lazy\" decoding=\"async\" class=\"aligncenter wp-image-402 size-full\" src=\"https:\/\/wecasa.fr\/mag\/wp-content\/uploads\/2025\/10\/mariage_oleron_agathefphotographie-61-1.jpg\" alt=\"Un couple qui s'embrasse \" width=\"1000\" height=\"1500\" \/><\/p>\n<p><em>La coiffure a \u00e9t\u00e9 r\u00e9alis\u00e9e par Claire Videau du salon \u00ab\u00a0l&rsquo;Atelier de Cl&rsquo;Hair\u00a0\u00bb.<\/em><\/p>\n<p><strong>Merci \u00e0 Agathe pour ce partage inspirant pour toutes les accros au vintage et aux ic\u00f4nes des ann\u00e9es 50 ! \u00c0 tr\u00e8s vite pour d\u00e9couvrir une nouvelle mari\u00e9e.<\/strong><\/p>\n<p><em><strong>Retrouvez sur le Mag tous<a href=\"https:\/\/www.wecasa.fr\/mag\/10-conseils-beaute-maquillage-futures-mariees\/\" target=\"_blank\" rel=\"noopener noreferrer\">\u00a0nos conseils pour les futures mari\u00e9es.<\/a><\/strong><\/em><\/p>\n<p><em><strong>D\u00e9couvrez une mise en beaut\u00e9 de <a href=\"https:\/\/www.wecasa.fr\/mag\/idee-mise-en-beaute-mariee-cheveux-detaches\/\" target=\"_blank\" rel=\"noopener noreferrer\">mari\u00e9e boh\u00e8me chic<\/a>.\u00a0<\/strong><\/em><em><strong>\u00a0<\/strong><\/em><\/p>\n\n\n<p><\/p>\n","protected":false},"excerpt":{"rendered":"<p><span class=\"span-reading-time rt-reading-time\" style=\"display: block;\"><span class=\"rt-label rt-prefix\">Temps de lecture : <\/span> <span class=\"rt-time\"> 3<\/span> <span class=\"rt-label rt-postfix\">minutes<\/span><\/span>Nous poursuivons notre s\u00e9rie de mari\u00e9es inspirantes, vues par leur photographe. Nous vous pr\u00e9sentons Agathe Fourmond, photographe de mariage bas\u00e9e en Loire-Antlantique. On aime la simplicit\u00e9 de ses photos, qui parviennent \u00e0 retranscrire l&rsquo;authenticit\u00e9 des moments de bonheur. Agathe nous parle de Cl\u00e9mentine, l&rsquo;une de ses jolies mari\u00e9es. Un look de mari\u00e9e r\u00e9tro \u00a0\u00bb Cl\u00e9mentine [&hellip;]<\/p>\n","protected":false},"author":32,"featured_media":46486,"comment_status":"open","ping_status":"closed","sticky":false,"template":"","format":"standard","meta":{"_acf_changed":false,"footnotes":""},"categories":[812,802],"tags":[813],"class_list":["post-55385","post","type-post","status-publish","format-standard","has-post-thumbnail","hentry","category-tendances-coiffure","category-coiffure","tag-tag-top-sous-categorie-tendance-coiffure"],"acf":[],"_links":{"self":[{"href":"https:\/\/www.wecasa.fr\/mag\/wp-json\/wp\/v2\/posts\/55385","targetHints":{"allow":["GET"]}}],"collection":[{"href":"https:\/\/www.wecasa.fr\/mag\/wp-json\/wp\/v2\/posts"}],"about":[{"href":"https:\/\/www.wecasa.fr\/mag\/wp-json\/wp\/v2\/types\/post"}],"author":[{"embeddable":true,"href":"https:\/\/www.wecasa.fr\/mag\/wp-json\/wp\/v2\/users\/32"}],"replies":[{"embeddable":true,"href":"https:\/\/www.wecasa.fr\/mag\/wp-json\/wp\/v2\/comments?post=55385"}],"version-history":[{"count":0,"href":"https:\/\/www.wecasa.fr\/mag\/wp-json\/wp\/v2\/posts\/55385\/revisions"}],"wp:featuredmedia":[{"embeddable":true,"href":"https:\/\/www.wecasa.fr\/mag\/wp-json\/wp\/v2\/media\/46486"}],"wp:attachment":[{"href":"https:\/\/www.wecasa.fr\/mag\/wp-json\/wp\/v2\/media?parent=55385"}],"wp:term":[{"taxonomy":"category","embeddable":true,"href":"https:\/\/www.wecasa.fr\/mag\/wp-json\/wp\/v2\/categories?post=55385"},{"taxonomy":"post_tag","embeddable":true,"href":"https:\/\/www.wecasa.fr\/mag\/wp-json\/wp\/v2\/tags?post=55385"}],"curies":[{"name":"wp","href":"https:\/\/api.w.org\/{rel}","templated":true}]}}