{"id":57479,"date":"2020-09-01T12:43:27","date_gmt":"2020-09-01T12:43:27","guid":{"rendered":"https:\/\/wecasa.fr\/mag\/coiffure-femme-quelle-coupe-pour-des-cheveux-longs-5\/"},"modified":"2026-01-29T13:15:01","modified_gmt":"2026-01-29T13:15:01","slug":"coiffure-femme-quelle-coupe-pour-des-cheveux-longs","status":"publish","type":"post","link":"https:\/\/www.wecasa.fr\/mag\/coiffure-femme-quelle-coupe-pour-des-cheveux-longs\/","title":{"rendered":"Coiffure femme : quelle coupe pour des cheveux longs ?"},"content":{"rendered":"<span class=\"span-reading-time rt-reading-time\" style=\"display: block;\"><span class=\"rt-label rt-prefix\">Temps de lecture : <\/span> <span class=\"rt-time\"> 3<\/span> <span class=\"rt-label rt-postfix\">minutes<\/span><\/span><p><span style=\"font-family: -apple-system, BlinkMacSystemFont, 'Segoe UI', Roboto, Oxygen-Sans, Ubuntu, Cantarell, 'Helvetica Neue', sans-serif;\">Faut-il couper ses cheveux longs ? Oui, mille fois oui. On ne vous dit pas qu&rsquo;il faut forc\u00e9ment sacrifier votre belle longueur en passant \u00e0 une coupe courte, mais plut\u00f4t qu&rsquo;il est bon de les\u00a0<strong>couper de quelques centim\u00e8tres tous les deux \u00e0 trois mois<\/strong>. Cela permet de leur redonner de la vigueur et de la brillance, et d&rsquo;avoir de jolies pointes.<\/span><\/p>\n<p><img fetchpriority=\"high\" decoding=\"async\" class=\"alignnone size-full wp-image-951\" src=\"https:\/\/www.wecasa.fr\/mag\/wp-content\/uploads\/2018\/08\/comment-couper-cheveux-longs.png\" alt=\"cliente-coiffure-domicile\" width=\"945\" height=\"756\" srcset=\"https:\/\/www.wecasa.fr\/mag\/wp-content\/uploads\/2018\/08\/comment-couper-cheveux-longs.png 945w, https:\/\/www.wecasa.fr\/mag\/wp-content\/uploads\/2018\/08\/comment-couper-cheveux-longs-300x240.png 300w, https:\/\/www.wecasa.fr\/mag\/wp-content\/uploads\/2018\/08\/comment-couper-cheveux-longs-768x614.png 768w\" sizes=\"(max-width: 945px) 100vw, 945px\" \/><\/p>\n<h2>Envie de garder des cheveux longs<\/h2>\n<p>D\u00e9monstration avec Delphine, notre cliente du jour. Delphine est journaliste et podcasteuse, sp\u00e9cialis\u00e9e dans le domaine de la gastronomie. Elle a de<strong> tr\u00e8s beaux cheveux bruns qu&rsquo;elle souhaite garder longs.<\/strong> \u00ab\u00a0<span style=\"font-family: -apple-system, BlinkMacSystemFont, 'Segoe UI', Roboto, Oxygen-Sans, Ubuntu, Cantarell, 'Helvetica Neue', sans-serif;\">Je ne vais que deux fois par an chez le coiffeur, avant l\u2019\u00e9t\u00e9 et \u00e0 No\u00ebl, pour les rafra\u00eechir un peu. Je n&rsquo;ai jamais fait de coloration. J&rsquo;ai tent\u00e9 <strong>la frange deux fois dans ma vie<\/strong>, quand j&rsquo;\u00e9tais au lyc\u00e9e, puis \u00e0 la fac. Mais \u00e7a ne m&rsquo;allait pas du tout ! Depuis, j&rsquo;ai toujours gard\u00e9 la m\u00eame coupe. J&rsquo;h\u00e9site parfois \u00e0 les couper plus court, mais j&rsquo;ai trop peur que \u00e7a ne m&rsquo;aille pas. Et puis c&rsquo;est quand m\u00eame tr\u00e8s pratique de pouvoir se faire des chignons !\u00a0\u00bb.<\/span><\/p>\n<p><img decoding=\"async\" class=\"alignnone size-full wp-image-952\" src=\"https:\/\/www.wecasa.fr\/mag\/wp-content\/uploads\/2018\/08\/coiffeur-domicile-cheveux-longs.png\" alt=\"coupe-ciseaux-cheveux\" width=\"945\" height=\"756\" srcset=\"https:\/\/www.wecasa.fr\/mag\/wp-content\/uploads\/2018\/08\/coiffeur-domicile-cheveux-longs.png 945w, https:\/\/www.wecasa.fr\/mag\/wp-content\/uploads\/2018\/08\/coiffeur-domicile-cheveux-longs-300x240.png 300w, https:\/\/www.wecasa.fr\/mag\/wp-content\/uploads\/2018\/08\/coiffeur-domicile-cheveux-longs-768x614.png 768w\" sizes=\"(max-width: 945px) 100vw, 945px\" \/><\/p>\n<p>Tout au long de l&rsquo;ann\u00e9e, Delphine entretient ses cheveux en les lavant tous les deux ou trois jours, et en <strong>appliquant r\u00e9guli\u00e8rement un masque \u00e0 l&rsquo;huile d&rsquo;argan<\/strong> : \u00ab\u00a0Mon truc, c&rsquo;est de laisser poser plusieurs heures\u00a0\u00bb. Elle les laisse ensuite s\u00e9cher \u00e0 l&rsquo;air libre, l&rsquo;id\u00e9al pour ne pas ab\u00eemer la fibre capillaire (profitez-en, c&rsquo;est l&rsquo;\u00e9t\u00e9, votre s\u00e8che-cheveux aussi a m\u00e9rit\u00e9 de prendre des vacances !).<\/p>\n<h2>Des cheveux au top avec un long ou un mi-long<\/h2>\n<p>Aujourd&rsquo;hui, notre cliente souhaite redonner un peu de pep&rsquo;s \u00e0 ses cheveux en coupant quelques centim\u00e8tres. Mais elle pr\u00e9vient tout de suite Fiona, coiffeuse \u00e0 domicile Wecasa : \u00ab\u00a0Je veux garder ma longueur !\u00a0\u00bb. Fiona propose de <strong>couper 4 centim\u00e8tres de longueur<\/strong>, et de<strong> d\u00e9grader l\u00e9g\u00e8rement<\/strong> les cheveux sur le devant.<\/p>\n<p><img decoding=\"async\" class=\"alignnone size-full wp-image-950\" src=\"https:\/\/www.wecasa.fr\/mag\/wp-content\/uploads\/2018\/08\/Delphine-cheveux-long-mi-long.png\" alt=\"coupe cheveux longs avant-apres\" width=\"945\" height=\"756\" srcset=\"https:\/\/www.wecasa.fr\/mag\/wp-content\/uploads\/2018\/08\/Delphine-cheveux-long-mi-long.png 945w, https:\/\/www.wecasa.fr\/mag\/wp-content\/uploads\/2018\/08\/Delphine-cheveux-long-mi-long-300x240.png 300w, https:\/\/www.wecasa.fr\/mag\/wp-content\/uploads\/2018\/08\/Delphine-cheveux-long-mi-long-768x614.png 768w\" sizes=\"(max-width: 945px) 100vw, 945px\" \/><\/p>\n<p>Le r\u00e9sultat ? Des cheveux longs encore plus beaux, des pointes \u00e9galis\u00e9es et un bel encadrement du visage gr\u00e2ce \u00e0 <strong>un d\u00e9grad\u00e9 tr\u00e8s subtil<\/strong>. Ravissant !<\/p>\n<p>Pour la suite, on conseille \u00e0 Delphine de ne pas attendre No\u00ebl pour rafra\u00eechir sa coupe : un simple petit coup de ciseaux r\u00e9gulier suffit \u00e0 redonner force et \u00e9clat aux cheveux. Pourquoi les en priver ?<\/p>\n<p><strong>A tr\u00e8s bient\u00f4t pour d\u00e9couvrir une nouvelle coupe concoct\u00e9e par un(e) coiffeur(se) Wecasa !<\/strong><\/p>\n<p><em>Nous organisons r\u00e9guli\u00e8rement des s\u00e9ances de coiffure dans les bureaux de Wecasa. Si vous aussi vous voulez vous pr\u00eater au jeu avec l\u2019un de nos coiffeurs, \u00e9crivez-nous \u00e0 fanny@wecasa.fr, nous vous tiendrons inform\u00e9s des prochaines s\u00e9ances. Et en attendant, vous pouvez r\u00e9server votre coupe de cheveux sur Wecasa.<\/em><\/p>\n<p style=\"text-align: center;\"><div class=\"reserverShortcode\"><a href=\"https:\/\/www.wecasa.fr\/\" title=\"R\u00e9server Wecasa\">R\u00e9server maintenant<\/a><\/div><\/p>\n","protected":false},"excerpt":{"rendered":"<p><span class=\"span-reading-time rt-reading-time\" style=\"display: block;\"><span class=\"rt-label rt-prefix\">Temps de lecture : <\/span> <span class=\"rt-time\"> 3<\/span> <span class=\"rt-label rt-postfix\">minutes<\/span><\/span>Faut-il couper ses cheveux longs ? Oui, mille fois oui. On ne vous dit pas qu&rsquo;il faut forc\u00e9ment sacrifier votre belle longueur en passant \u00e0 une coupe courte, mais plut\u00f4t qu&rsquo;il est bon de les\u00a0couper de quelques centim\u00e8tres tous les deux \u00e0 trois mois. Cela permet de leur redonner de la vigueur et de la [&hellip;]<\/p>\n","protected":false},"author":19,"featured_media":46841,"comment_status":"open","ping_status":"closed","sticky":false,"template":"","format":"standard","meta":{"_acf_changed":false,"footnotes":""},"categories":[803,802],"tags":[],"class_list":["post-57479","post","type-post","status-publish","format-standard","has-post-thumbnail","hentry","category-coupe-cheveux","category-coiffure"],"acf":[],"_links":{"self":[{"href":"https:\/\/www.wecasa.fr\/mag\/wp-json\/wp\/v2\/posts\/57479","targetHints":{"allow":["GET"]}}],"collection":[{"href":"https:\/\/www.wecasa.fr\/mag\/wp-json\/wp\/v2\/posts"}],"about":[{"href":"https:\/\/www.wecasa.fr\/mag\/wp-json\/wp\/v2\/types\/post"}],"author":[{"embeddable":true,"href":"https:\/\/www.wecasa.fr\/mag\/wp-json\/wp\/v2\/users\/19"}],"replies":[{"embeddable":true,"href":"https:\/\/www.wecasa.fr\/mag\/wp-json\/wp\/v2\/comments?post=57479"}],"version-history":[{"count":0,"href":"https:\/\/www.wecasa.fr\/mag\/wp-json\/wp\/v2\/posts\/57479\/revisions"}],"wp:featuredmedia":[{"embeddable":true,"href":"https:\/\/www.wecasa.fr\/mag\/wp-json\/wp\/v2\/media\/46841"}],"wp:attachment":[{"href":"https:\/\/www.wecasa.fr\/mag\/wp-json\/wp\/v2\/media?parent=57479"}],"wp:term":[{"taxonomy":"category","embeddable":true,"href":"https:\/\/www.wecasa.fr\/mag\/wp-json\/wp\/v2\/categories?post=57479"},{"taxonomy":"post_tag","embeddable":true,"href":"https:\/\/www.wecasa.fr\/mag\/wp-json\/wp\/v2\/tags?post=57479"}],"curies":[{"name":"wp","href":"https:\/\/api.w.org\/{rel}","templated":true}]}}